{"id":13215,"date":"2026-03-04T15:39:20","date_gmt":"2026-03-04T14:39:20","guid":{"rendered":"https:\/\/mamamuscaria.com\/post\/fokus-booster\/"},"modified":"2026-03-04T15:44:17","modified_gmt":"2026-03-04T14:44:17","slug":"fokus-booster","status":"publish","type":"post","link":"https:\/\/mamamuscaria.com\/es\/post\/fokus-booster\/","title":{"rendered":"Potenciador natural de la concentraci\u00f3n: por qu\u00e9 la melena de le\u00f3n como seta del a\u00f1o 2026 aclara tantas cabezas"},"content":{"rendered":"\n<p>Cuando alguien dice \"potenciador natural de la concentraci\u00f3n\", mucha gente piensa primero en el caf\u00e9, el mate o alguna de las llamadas \"drogas inteligentes\" que suenan artificiales. El hecho de que un hongo blanco y peludo juegue en esta liga resulta sorprendente a primera vista. <\/p>\n\n<h2 class=\"wp-block-heading\"><strong>Por qu\u00e9 la melena de le\u00f3n ha sido elegida seta del a\u00f1o 2026<\/strong><\/h2>\n\n<div class=\"wp-block-columns is-layout-flex wp-container-core-columns-is-layout-9d6595d7 wp-block-columns-is-layout-flex\">\n<div class=\"wp-block-column is-layout-flow wp-block-column-is-layout-flow\" style=\"flex-basis:50%\">\n<figure class=\"wp-block-image size-large\"><img loading=\"lazy\" decoding=\"async\" width=\"819\" height=\"1024\" src=\"https:\/\/mamamuscaria.com\/wp-content\/uploads\/2026\/03\/Design-ohne-Titel-10-819x1024.png\" alt=\"La melena de le&#xF3;n, potenciador natural del cerebro - cartel de la seta del a&#xF1;o 2026 del DGfM  \" class=\"wp-image-13210\" title=\"\" srcset=\"https:\/\/mamamuscaria.com\/wp-content\/uploads\/2026\/03\/Design-ohne-Titel-10-819x1024.png 819w, https:\/\/mamamuscaria.com\/wp-content\/uploads\/2026\/03\/Design-ohne-Titel-10-240x300.png 240w, https:\/\/mamamuscaria.com\/wp-content\/uploads\/2026\/03\/Design-ohne-Titel-10-768x960.png 768w, https:\/\/mamamuscaria.com\/wp-content\/uploads\/2026\/03\/Design-ohne-Titel-10.png 1080w\" sizes=\"auto, (max-width: 819px) 100vw, 819px\" \/><figcaption class=\"wp-element-caption\">Cartel del Hongo del A\u00f1o de la Sociedad Micol\u00f3gica Alemana (fuente: <a href=\"https:\/\/www.dgfm-ev.de\/de\/ueber-uns\/news\/pilz-des-jahres-2026-igelstachelbart\" target=\"_blank\" rel=\"noopener\">https:\/\/www.dgfm-ev.de\/pilz-des-jahres\/2026)<\/a><\/figcaption><\/figure>\n<\/div>\n\n\n\n<div class=\"wp-block-column is-layout-flow wp-block-column-is-layout-flow\" style=\"flex-basis:50%\">\n<p>La Sociedad Alemana de Micolog\u00eda (DGfM) selecciona cada a\u00f1o una seta para llamar la atenci\u00f3n sobre especies especiales y sus h\u00e1bitats.<\/p>\n\n\n\n<p>En 2026, la elecci\u00f3n recay\u00f3 en el erizo barba espinosa (Hericium erinaceus), m\u00e1s conocido como melena de le\u00f3n. Esta seta no solo es interesante desde el punto de vista cient\u00edfico, sino tambi\u00e9n desde el ecol\u00f3gico: en Alemania suele crecer en viejos \u00e1rboles caducifolios y se considera rara en muchos lugares. <\/p>\n\n\n\n<p>El objetivo de la elecci\u00f3n de la Seta del A\u00f1o no es s\u00f3lo despertar el inter\u00e9s por sus propiedades especiales, sino tambi\u00e9n concienciar sobre la necesidad de proteger los bosques antiguos y los h\u00e1bitats naturales.Fuente:<br\/><a href=\"https:\/\/www.dgfm-ev.de\/de\/ueber-uns\/news\/pilz-des-jahres-2026-igelstachelbart\" target=\"_blank\" rel=\"noopener\">https:\/\/www.dgfm-ev.de\/pilz-des-jahres\/2026<\/a><\/p>\n\n\n\n<p>Lo que a muchos usuarios les gusta especialmente de la Melena de Le\u00f3n es que no da la sensaci\u00f3n de \"m\u00e1s potencia a cualquier precio\". Muchas personas describen una estabilidad tranquila y clara en su concentraci\u00f3n y memoria. Precisamente por eso me gusta utilizarla en fases en las que se requiere concentraci\u00f3n durante d\u00edas o semanas, sin utilizar estimulantes para colocarme.  <\/p>\n\n\n\n<p>No obstante, merece la pena analizar con seriedad lo que dicen realmente los estudios.<\/p>\n<\/div>\n<\/div>\n\n<h3 class=\"wp-block-heading\"><strong>\u00bfQu\u00e9 es la melena de le\u00f3n y por qu\u00e9 tambi\u00e9n se llama perilla de erizo?<\/strong><\/h3>\n\n<p>El Hericium erinaceus tiene su apodo por una raz\u00f3n: en lugar de sombrero y tallo, el hongo forma largas y suaves \"espinas\" que parecen un pomp\u00f3n o una melena de le\u00f3n. Precisamente estas estructuras colgantes con pinchos recuerdan a mucha gente a un simp\u00e1tico \"peludo\" comedor de insectos, de ah\u00ed el nombre alem\u00e1n <strong>Igelstachelbart<\/strong>.<\/p>\n\n<p>En la cocina, se valora por su textura especial: fibrosa, jugosa y para algunos casi un poco \"marinera\". Tambi\u00e9n se utiliza tradicionalmente en Asia Oriental desde hace mucho tiempo; hoy en d\u00eda, los investigadores se interesan especialmente por sus posibles efectos sobre el sistema nervioso. <\/p>\n\n<h2 class=\"wp-block-heading\"><strong>Efecto melena de le\u00f3n: por qu\u00e9 este hongo es tan interesante como potenciador natural de la concentraci\u00f3n<\/strong><\/h2>\n\n<p>Cuando la gente busca el efecto de la melena de le\u00f3n, suele referirse a la concentraci\u00f3n, la memoria y el sistema nervioso. Aqu\u00ed es donde el hongo resulta especialmente apasionante. Muchos de los mecanismos investigados hasta ahora giran en torno a la plasticidad neuronal, los factores de crecimiento nervioso y los procesos que modulan la inflamaci\u00f3n. Aunque muchos estudios son todav\u00eda precl\u00ednicos, demuestran por qu\u00e9 el Hericium erinaceus atrae cada vez m\u00e1s la atenci\u00f3n de la investigaci\u00f3n. Veamos m\u00e1s de cerca cada uno de los focos de inter\u00e9s:    <\/p>\n\n<h3 class=\"wp-block-heading\"><strong>El punto emocionante: NGF, c\u00e9lulas nerviosas y plasticidad<\/strong><\/h3>\n\n<p>Cuando se habla de salud nerviosa y funci\u00f3n cognitiva, hay un t\u00e9rmino que aparece una y otra vez: factor de crecimiento nervioso (NGF).<\/p>\n\n<p>El NGF favorece la supervivencia, el crecimiento y la regeneraci\u00f3n de determinadas c\u00e9lulas nerviosas. En pocas palabras, sin estas se\u00f1ales de mantenimiento, las redes neuronales se vuelven m\u00e1s vulnerables, sobre todo en situaciones de estr\u00e9s constante o a medida que aumenta la edad. <\/p>\n\n<p>Aqu\u00ed es donde entra en juego la melena de le\u00f3n como potenciador natural de la concentraci\u00f3n. El hongo contiene sustancias asociadas al NGF en modelos precl\u00ednicos, especialmente erinacinas y hericenonas. <\/p>\n\n<p>Un art\u00edculo de Tohda y sus colegas, citado con frecuencia, describe las pruebas de que los ingredientes del Hericium erinaceus pueden favorecer los procesos relacionados con el NGF.<\/p>\n\n<p>Estudio:<br\/><a href=\"https:\/\/pubmed.ncbi.nlm.nih.gov\/23735479\/\" target=\"_blank\" rel=\"noopener\">https:\/\/pubmed.ncbi.nlm.nih.gov\/23735479\/<\/a><\/p>\n\n<p>Se trata de un elemento importante y, al mismo tiempo, por supuesto, un modelo animal no es todav\u00eda un ser humano, aunque aporte ideas importantes y se puedan filtrar ciertos indicadores.<\/p>\n\n<h3 class=\"wp-block-heading\"><strong>\u00bfQu\u00e9 dice la investigaci\u00f3n humana sobre el rendimiento cognitivo?<\/strong><\/h3>\n\n<p>La investigaci\u00f3n con animales es a\u00fan m\u00e1s apasionante cuando se dispone de datos sobre seres humanos.<\/p>\n\n<p>Un estudio doble ciego controlado con placebo realizado por Mori y sus colegas examin\u00f3 a adultos mayores con deterioro cognitivo leve. Los participantes tomaron Hericium erinaceus durante 16 semanas. <\/p>\n\n<p>El resultado:<br\/>Las pruebas cognitivas mostraron mejoras significativas en el grupo de Hericium en comparaci\u00f3n con el grupo de control, al que se administraron placebos. Sin embargo, estos efectos volvieron a desaparecer tras suspender la ingesta. Por lo tanto, para utilizar la melena de le\u00f3n como apoyo contra la demencia, habr\u00eda que tomar el hongo de forma permanente para mantener su labor como potenciador de la concentraci\u00f3n.  <\/p>\n\n<p>Estudio:<br\/><a href=\"https:\/\/pubmed.ncbi.nlm.nih.gov\/18844328\/\" target=\"_blank\" rel=\"noopener\">https:\/\/pubmed.ncbi.nlm.nih.gov\/18844328\/<\/a><\/p>\n\n<p>Esto no es una \"prueba de todo\", pero es un indicio interesante de que el hongo puede influir en los par\u00e1metros cognitivos.<\/p>\n\n<h3 class=\"wp-block-heading\"><strong>Por qu\u00e9 las revisiones hablan tan a menudo de inflamaci\u00f3n, oxidaci\u00f3n y amiloide<\/strong><\/h3>\n\n<p>Cualquiera que busque informaci\u00f3n sobre la \"investigaci\u00f3n de la demencia de crin de le\u00f3n\" encontrar\u00e1 r\u00e1pidamente t\u00e9rminos como:<\/p>\n\n<p>Amiloide-\u03b2<br\/>Estr\u00e9s oxidativo<br\/>Marcadores inflamatorios<\/p>\n\n<p>Al principio suena a jerga t\u00e9cnica, pero es l\u00f3gico. La inflamaci\u00f3n cr\u00f3nica y el estr\u00e9s oxidativo suelen asociarse al deterioro cognitivo. <\/p>\n\n<p>Una revisi\u00f3n cient\u00edfica describe los posibles mecanismos neuroprotectores del Hericium erinaceus.<\/p>\n\n<p>Cr\u00edtica escrita por:<br\/><a href=\"https:\/\/www.ncbi.nlm.nih.gov\/pmc\/articles\/PMC7582347\/\" target=\"_blank\" rel=\"noopener\">https:\/\/www.ncbi.nlm.nih.gov\/pmc\/articles\/PMC7582347\/<\/a><\/p>\n\n<p>A continuaci\u00f3n se resumen los ingredientes bioactivos conocidos.<\/p>\n\n<p>Cr\u00edtica escrita por:<br\/><a href=\"https:\/\/www.ncbi.nlm.nih.gov\/pmc\/articles\/PMC6521003\/\" target=\"_blank\" rel=\"noopener\">https:\/\/www.ncbi.nlm.nih.gov\/pmc\/articles\/PMC6521003\/<\/a><\/p>\n\n<p>Estas revisiones no son declaraciones de salvaci\u00f3n en el verdadero sentido de la palabra, sino m\u00e1s bien mapas que muestran hacia d\u00f3nde se dirige actualmente la investigaci\u00f3n. Pero son indicadores importantes que ya pueden avalar numerosos usuarios. <\/p>\n\n<div class=\"wp-block-columns is-layout-flex wp-container-core-columns-is-layout-9d6595d7 wp-block-columns-is-layout-flex\">\n<div class=\"wp-block-column is-layout-flow wp-block-column-is-layout-flow\" style=\"flex-basis:50%\">\n<h3 class=\"wp-block-heading\"><strong>Memoria, hipocampo y neurog\u00e9nesis: lo que sugieren los modelos animales<\/strong><\/h3>\n\n\n\n<p><\/p>\n\n\n\n<p>Tambi\u00e9n hay trabajos precl\u00ednicos sobre el tema de la memoria. Una publicaci\u00f3n se menciona con frecuencia en relaci\u00f3n con las funciones del hipocampo y la neurog\u00e9nesis. <\/p>\n\n\n\n<p>Estudio:<br\/><a href=\"https:\/\/pubmed.ncbi.nlm.nih.gov\/24266378\/\" target=\"_blank\" rel=\"noopener\">https:\/\/pubmed.ncbi.nlm.nih.gov\/24266378\/<\/a><\/p>\n\n\n\n<p>El hipocampo es una de las regiones cerebrales m\u00e1s importantes para el aprendizaje y la memoria. Estudios como \u00e9ste aportan pruebas de que el Hericium erinaceus podr\u00eda favorecer los procesos de plasticidad neuronal. <\/p>\n\n\n\n<p>Muchos de estos datos proceden a\u00fan de estudios con animales o en laboratorio, pero demuestran por qu\u00e9 este hongo est\u00e1 atrayendo tanta atenci\u00f3n cient\u00edfica.<\/p>\n<\/div>\n\n\n\n<div class=\"wp-block-column is-layout-flow wp-block-column-is-layout-flow\" style=\"flex-basis:50%\">\n<figure class=\"wp-block-image size-full\"><img loading=\"lazy\" decoding=\"async\" width=\"1024\" height=\"1024\" src=\"https:\/\/mamamuscaria.com\/wp-content\/uploads\/2026\/03\/ChatGPT-Image-4.-Maerz-2026-10_47_58.png\" alt=\"La seta melena de le&#xF3;n del a&#xF1;o 2026, un potenciador natural de la concentraci&#xF3;n bajo el microscopio  \" class=\"wp-image-13211\" title=\"\" srcset=\"https:\/\/mamamuscaria.com\/wp-content\/uploads\/2026\/03\/ChatGPT-Image-4.-Maerz-2026-10_47_58.png 1024w, https:\/\/mamamuscaria.com\/wp-content\/uploads\/2026\/03\/ChatGPT-Image-4.-Maerz-2026-10_47_58-300x300.png 300w, https:\/\/mamamuscaria.com\/wp-content\/uploads\/2026\/03\/ChatGPT-Image-4.-Maerz-2026-10_47_58-150x150.png 150w, https:\/\/mamamuscaria.com\/wp-content\/uploads\/2026\/03\/ChatGPT-Image-4.-Maerz-2026-10_47_58-768x768.png 768w\" sizes=\"auto, (max-width: 1024px) 100vw, 1024px\" \/><\/figure>\n<\/div>\n<\/div>\n\n<h2 class=\"wp-block-heading\"><strong>La parte que cuenta en la vida cotidiana: \u00bfQu\u00e9 se siente?<\/strong><\/h2>\n\n<p>Estoy siendo deliberadamente cauto cuando digo esto: para m\u00ed, una melena de le\u00f3n no es una \"patada\". Es m\u00e1s bien como si el orden fuera entrando poco a poco en mis pensamientos en un segundo plano. Por lo tanto, es en gran medida un refuerzo de la concentraci\u00f3n, pero este efecto no se produce (para m\u00ed) despu\u00e9s de una o dos dosis, sino despu\u00e9s de aproximadamente 10-14 d\u00edas.    <\/p>\n\n<p>En los momentos en que tengo que concentrarme en escribir, investigar o planificar durante muchas horas seguidas, me resultan un apoyo agradable. Muchas personas relatan experiencias similares; algunas se dan cuenta inmediatamente, otras s\u00f3lo lo notan retrospectivamente. <\/p>\n\n<p>Y algunos no notan nada en absoluto. Esto es completamente normal. Las personas reaccionan de forma diferente y las setas no son una soluci\u00f3n \u00fanica.  <\/p>\n\n<p>En la pr\u00e1ctica, una simple expectativa suele ayudar: no se trata de efectos supercerebrales turbo-r\u00e1pidos, sino de un pensamiento permanentemente m\u00e1s claro y una concentraci\u00f3n m\u00e1s estable.<\/p>\n\n<h2 class=\"wp-block-heading\"><strong>Preparaci\u00f3n - por qu\u00e9 este hongo es tan agradecido<\/strong><\/h2>\n\n<p>La Melena de Le\u00f3n no s\u00f3lo es un potenciador natural de la concentraci\u00f3n, sino que adem\u00e1s tiene un sabor incre\u00edblemente fino.<\/p>\n\n<p>Cuando est\u00e1 fresco, tiene un sabor suave, ligeramente a nuez, con un agradable toque umami, y su textura es para m\u00ed lo m\u00e1s destacado.<\/p>\n\n<p>Por ejemplo:<\/p>\n\n<ul class=\"wp-block-list\">\n<li>Cortar en rodajas y fre\u00edr brevemente<\/li>\n\n\n\n<li>A\u00f1ada trozos frescos a sopas o guisos<\/li>\n\n\n\n<li>y utilizar en cuencos como cobertura salada<\/li>\n<\/ul>\n\n<p>Si se trabaja con polvo, la Melena de Le\u00f3n es especialmente f\u00e1cil de integrar en la vida cotidiana, por ejemplo en batidos, muesli, cacao o bebidas vegetales.<\/p>\n\n<p>Mucha gente utiliza un <a href=\"https:\/\/mamamuscaria.com\/products\/loewenmaehne-pulver\">polvo de melena de le\u00f3n de alta calidad elaborado a partir de cuerpos frutales puros<\/a>, que es f\u00e1cil de dosificar y tiene un sabor relativamente suave.<\/p>\n\n<h3 class=\"wp-block-heading\"><strong>Extractos: si desea algo m\u00e1s concentrado<\/strong><\/h3>\n\n<p>Adem\u00e1s de los polvos y las pr\u00e1cticas c\u00e1psulas, tambi\u00e9n existen extractos, normalmente en forma de tinturas. El objetivo es que determinados ingredientes est\u00e9n disponibles de forma m\u00e1s espec\u00edfica. <\/p>\n\n<p>Un m\u00e9todo cl\u00e1sico es el doble extracto:<\/p>\n\n<p>Extracci\u00f3n con alcohol para otros compuestos bioactivos y extracci\u00f3n con agua caliente para las sustancias hidrosolubles. Cuando hablamos de una <a href=\"https:\/\/mamamuscaria.com\/products\/loewenmaehne-tinktur\">tintura de extracto doble de Melena de Le\u00f3n<\/a> de alta calidad, nos referimos exactamente a este enfoque. <\/p>\n\n<h3 class=\"wp-block-heading\"><strong>Dosificaci\u00f3n y tolerabilidad: sin dogmas<\/strong><\/h3>\n\n<div class=\"wp-block-columns is-layout-flex wp-container-core-columns-is-layout-9d6595d7 wp-block-columns-is-layout-flex\">\n<div class=\"wp-block-column is-layout-flow wp-block-column-is-layout-flow\" style=\"flex-basis:50%\">\n<figure class=\"wp-block-image size-full\"><img loading=\"lazy\" decoding=\"async\" width=\"342\" height=\"290\" src=\"https:\/\/mamamuscaria.com\/wp-content\/uploads\/2025\/04\/image-203.jpeg\" alt=\"Melena de le&#xF3;n creciendo en el tronco de un &#xE1;rbol - potenciador natural de la concentraci&#xF3;n\" class=\"wp-image-2862\" title=\"\" srcset=\"https:\/\/mamamuscaria.com\/wp-content\/uploads\/2025\/04\/image-203.jpeg 342w, https:\/\/mamamuscaria.com\/wp-content\/uploads\/2025\/04\/image-203-300x254.jpeg 300w\" sizes=\"auto, (max-width: 342px) 100vw, 342px\" \/><\/figure>\n<\/div>\n\n\n\n<div class=\"wp-block-column is-layout-flow wp-block-column-is-layout-flow\" style=\"flex-basis:50%\">\n<p><\/p>\n\n\n\n<p>Muchos consideran que la Melena de Le\u00f3n se tolera bien. No obstante, como ocurre con todos los productos a base de setas, pueden producirse reacciones gastrointestinales individuales.  Si eres sensible, es mejor empezar poco a poco.<\/p>\n\n\n\n<p>Los estudios suelen utilizar intervalos de gramos al d\u00eda. Por lo general, se utilizan de 2 a 3 gramos diarios, divididos en 2 o 3 dosis. En el caso de los extractos, la cantidad depende en gran medida de la concentraci\u00f3n y del m\u00e9todo de producci\u00f3n.  <\/p>\n\n\n\n<p>Si quieres un potenciador natural de la concentraci\u00f3n, dale un poco de tiempo:<\/p>\n\n\n\n<p>De dos a seis semanas es un plazo realista para notar cambios.<\/p>\n<\/div>\n<\/div>\n\n<h2 class=\"wp-block-heading\"><strong>Conclusi\u00f3n<\/strong><\/h2>\n\n<p>Si tuviera que describir Crin de Le\u00f3n en una frase:<\/p>\n\n<p>Un compa\u00f1ero tranquilo para la cabeza y el sistema nervioso, con mecanismos plausibles e indicios humanos iniciales, pero sin sello milagroso.<\/p>\n\n<p>Como potenciador natural de la concentraci\u00f3n, la Melena de Le\u00f3n es perfecta para muchas personas cuando se necesita claridad, y precisamente por eso se est\u00e1 investigando tan intensamente el efecto de la Melena de Le\u00f3n sobre la concentraci\u00f3n y el sistema nervioso.<\/p>\n\n<p>Adem\u00e1s, su versatilidad culinaria facilita su integraci\u00f3n en la vida cotidiana:<\/p>\n\n<p>en numerosos platos, puro como polvo en agua, o - si le gusta m\u00e1s concentrado - como extracto.Si desea probar L\u00f6wenm\u00e4hne usted mismo, puede encontrar <strong>L\u00f6wenm\u00e4hne de alta calidad en polvo, c\u00e1psulas y extracto doble como tintura en nuestra <a href=\"https:\/\/shop.mamamuscaria.com\/kraeuter-vitalpilze-shop\">tienda<\/a><\/strong>. Este mes, hasta el 31 de marzo de 2026, puede incluso disfrutar de un 15% de descuento en los envases de cura de polvo y c\u00e1psulas de Melena de Le\u00f3n (suficiente para 2-3 meses dependiendo de la cantidad utilizada). <\/p>\n\n<h2 class=\"wp-block-heading\"><strong>Estudios sobre el efecto melena de le\u00f3n (resumen)<\/strong><\/h2>\n\n<p>Si desea profundizar en la investigaci\u00f3n cient\u00edfica sobre el efecto melena de le\u00f3n, aqu\u00ed encontrar\u00e1 algunos de los estudios y rese\u00f1as citados con m\u00e1s frecuencia:<\/p>\n\n<p><strong>Procesos relacionados con el NGF y regeneraci\u00f3n neuronal<\/strong><strong><br\/><\/strong><a href=\"https:\/\/pubmed.ncbi.nlm.nih.gov\/23735479\/\" target=\"_blank\" rel=\"noopener\">https:\/\/pubmed.ncbi.nlm.nih.gov\/23735479\/<\/a><\/p>\n\n<p><strong>Estudio en humanos sobre el rendimiento cognitivo (Mori et al., 2009)<\/strong><strong><br\/><\/strong><a href=\"https:\/\/pubmed.ncbi.nlm.nih.gov\/18844328\/\" target=\"_blank\" rel=\"noopener\">https:\/\/pubmed.ncbi.nlm.nih.gov\/18844328\/<\/a><\/p>\n\n<p><strong>Revisi\u00f3n sobre los mecanismos neuroprotectores del Hericium erinaceus<\/strong><strong><br\/><\/strong><a href=\"https:\/\/www.ncbi.nlm.nih.gov\/pmc\/articles\/PMC7582347\/\" target=\"_blank\" rel=\"noopener\">https:\/\/www.ncbi.nlm.nih.gov\/pmc\/articles\/PMC7582347\/<\/a><\/p>\n\n<p><strong>Resumen de ingredientes bioactivos y efectos antioxidantes<\/strong><strong><br\/><\/strong><a href=\"https:\/\/www.ncbi.nlm.nih.gov\/pmc\/articles\/PMC6521003\/\" target=\"_blank\" rel=\"noopener\">https:\/\/www.ncbi.nlm.nih.gov\/pmc\/articles\/PMC6521003\/<\/a><\/p>\n\n<p><strong>Estudio animal sobre memoria, hipocampo y neurog\u00e9nesis<\/strong><strong><br\/><\/strong><a href=\"https:\/\/pubmed.ncbi.nlm.nih.gov\/24266378\/\" target=\"_blank\" rel=\"noopener\">https:\/\/pubmed.ncbi.nlm.nih.gov\/24266378\/<\/a><\/p>\n\n<p>Sobre todo, estos estudios muestran posibles conexiones entre la melena de le\u00f3n, la protecci\u00f3n de las c\u00e9lulas nerviosas y la funci\u00f3n cognitiva. Sin embargo, muchos resultados proceden a\u00fan de la investigaci\u00f3n precl\u00ednica, por lo que sigue siendo importante realizar m\u00e1s estudios en humanos. <\/p>\n\n<p><strong>Art\u00edculos de blog relacionados<\/strong><\/p>\n\n<figure class=\"wp-block-embed is-type-wp-embed is-provider-mamamuscaria wp-block-embed-mamamuscaria\"><div class=\"wp-block-embed__wrapper\">\n<blockquote class=\"wp-embedded-content\" data-secret=\"pSbONptNZ9\"><a href=\"https:\/\/mamamuscaria.com\/es\/post\/adhs-natuerlich-balancieren\/\">ADHS nat\u00fcrlich balancieren \u2013 wenn der Fliegenpilz Klarheit bringt<\/a><\/blockquote><iframe loading=\"lazy\" class=\"wp-embedded-content\" sandbox=\"allow-scripts\" security=\"restricted\" style=\"position: absolute; visibility: hidden;\" title=\"\u00abADHS nat\u00fcrlich balancieren \u2013 wenn der Fliegenpilz Klarheit bringt\u00bb \u2014 Mamamuscaria\" src=\"https:\/\/mamamuscaria.com\/es\/post\/adhs-natuerlich-balancieren\/embed\/#?secret=Gd2Z3aafEY#?secret=pSbONptNZ9\" data-secret=\"pSbONptNZ9\" width=\"500\" height=\"282\" frameborder=\"0\" marginwidth=\"0\" marginheight=\"0\" scrolling=\"no\"><\/iframe>\n<\/div><\/figure>\n\n<figure class=\"wp-block-embed is-type-wp-embed is-provider-mamamuscaria wp-block-embed-mamamuscaria\"><div class=\"wp-block-embed__wrapper\">\n<blockquote class=\"wp-embedded-content\" data-secret=\"sSOEL8ZiUd\"><a href=\"https:\/\/mamamuscaria.com\/es\/post\/heilpilze-loewenmaehne-und-amanita-muscaria\/\">Beste Dream-Teams der Pilzwelt Teil 2: L\u00f6wenm\u00e4hne und Amanita muscaria<\/a><\/blockquote><iframe loading=\"lazy\" class=\"wp-embedded-content\" sandbox=\"allow-scripts\" security=\"restricted\" style=\"position: absolute; visibility: hidden;\" title=\"\u00abBeste Dream-Teams der Pilzwelt Teil 2: L\u00f6wenm\u00e4hne und Amanita muscaria\u00bb \u2014 Mamamuscaria\" src=\"https:\/\/mamamuscaria.com\/es\/post\/heilpilze-loewenmaehne-und-amanita-muscaria\/embed\/#?secret=AbhGoUPtp2#?secret=sSOEL8ZiUd\" data-secret=\"sSOEL8ZiUd\" width=\"500\" height=\"282\" frameborder=\"0\" marginwidth=\"0\" marginheight=\"0\" scrolling=\"no\"><\/iframe>\n<\/div><\/figure>\n\n<p><\/p>\n","protected":false},"excerpt":{"rendered":"<p>Cuando alguien dice \"potenciador natural de la concentraci\u00f3n\", mucha gente piensa primero en el caf\u00e9, el mate o alguna de las llamadas \"drogas inteligentes\" que suenan artificiales. El hecho de que un hongo blanco y peludo juegue en esta liga resulta sorprendente a primera vista. Por qu\u00e9 la melena de le\u00f3n ha sido elegida seta [&hellip;]<\/p>\n","protected":false},"author":6,"featured_media":13216,"comment_status":"open","ping_status":"closed","sticky":false,"template":"","format":"standard","meta":{"_acf_changed":false,"footnotes":""},"categories":[38],"tags":[760,759,757,761,758],"class_list":["post-13215","post","type-post","status-publish","format-standard","has-post-thumbnail","hentry","category-blog-es-2","tag-concentracion-de-melena-de-leon","tag-demencia-de-crin-de-leon","tag-efecto-melena-de-leon","tag-estudios-sobre-la-melena-de-leon","tag-seta-melena-de-leon-del-ano-2026"],"acf":[],"_links":{"self":[{"href":"https:\/\/mamamuscaria.com\/es\/wp-json\/wp\/v2\/posts\/13215","targetHints":{"allow":["GET"]}}],"collection":[{"href":"https:\/\/mamamuscaria.com\/es\/wp-json\/wp\/v2\/posts"}],"about":[{"href":"https:\/\/mamamuscaria.com\/es\/wp-json\/wp\/v2\/types\/post"}],"author":[{"embeddable":true,"href":"https:\/\/mamamuscaria.com\/es\/wp-json\/wp\/v2\/users\/6"}],"replies":[{"embeddable":true,"href":"https:\/\/mamamuscaria.com\/es\/wp-json\/wp\/v2\/comments?post=13215"}],"version-history":[{"count":3,"href":"https:\/\/mamamuscaria.com\/es\/wp-json\/wp\/v2\/posts\/13215\/revisions"}],"predecessor-version":[{"id":13231,"href":"https:\/\/mamamuscaria.com\/es\/wp-json\/wp\/v2\/posts\/13215\/revisions\/13231"}],"wp:featuredmedia":[{"embeddable":true,"href":"https:\/\/mamamuscaria.com\/es\/wp-json\/wp\/v2\/media\/13216"}],"wp:attachment":[{"href":"https:\/\/mamamuscaria.com\/es\/wp-json\/wp\/v2\/media?parent=13215"}],"wp:term":[{"taxonomy":"category","embeddable":true,"href":"https:\/\/mamamuscaria.com\/es\/wp-json\/wp\/v2\/categories?post=13215"},{"taxonomy":"post_tag","embeddable":true,"href":"https:\/\/mamamuscaria.com\/es\/wp-json\/wp\/v2\/tags?post=13215"}],"curies":[{"name":"wp","href":"https:\/\/api.w.org\/{rel}","templated":true}]}}